{"id":11244,"date":"2023-03-05T17:24:29","date_gmt":"2023-03-05T16:24:29","guid":{"rendered":"https:\/\/grotte-de-trabuc.com\/coupure_presse\/midi-libre-2022-4\/"},"modified":"2023-03-06T15:42:31","modified_gmt":"2023-03-06T14:42:31","slug":"le-progres-2023","status":"publish","type":"coupure_presse","link":"https:\/\/grotte-de-trabuc.com\/en\/coupure_presse\/le-progres-2023\/","title":{"rendered":"Le Progr\u00e8s &#8211; 2023"},"content":{"rendered":"<h2 style=\"text-align: center;\"><strong>&#8220;Le myst\u00e8re de la Grotte de Trabuc&#8221;<\/strong><\/h2>\n<p style=\"text-align: center;\">D\u00e9couvrez l&#8217;article du journal &#8220;Le Progr\u00e8s&#8221; suite \u00e0 la participation de la Grotte de Trabuc au salon Mahana de Lyon.<\/p>\n<p style=\"text-align: center;\"><a href=\"https:\/\/grotte-de-trabuc.com\/wp-content\/uploads\/2023\/03\/Le-Progres-05032023-.png\"><img decoding=\"async\" class=\"alignnone wp-image-11240 size-full\" src=\"https:\/\/grotte-de-trabuc.com\/wp-content\/uploads\/2023\/03\/Le-Progres-05032023-.png\" alt=\"\" width=\"1071\" height=\"841\" srcset=\"https:\/\/grotte-de-trabuc.com\/wp-content\/uploads\/2023\/03\/Le-Progres-05032023--200x157.png 200w, https:\/\/grotte-de-trabuc.com\/wp-content\/uploads\/2023\/03\/Le-Progres-05032023--300x236.png 300w, https:\/\/grotte-de-trabuc.com\/wp-content\/uploads\/2023\/03\/Le-Progres-05032023--400x314.png 400w, https:\/\/grotte-de-trabuc.com\/wp-content\/uploads\/2023\/03\/Le-Progres-05032023--600x471.png 600w, https:\/\/grotte-de-trabuc.com\/wp-content\/uploads\/2023\/03\/Le-Progres-05032023--610x479.png 610w, https:\/\/grotte-de-trabuc.com\/wp-content\/uploads\/2023\/03\/Le-Progres-05032023--742x583.png 742w, https:\/\/grotte-de-trabuc.com\/wp-content\/uploads\/2023\/03\/Le-Progres-05032023--768x603.png 768w, https:\/\/grotte-de-trabuc.com\/wp-content\/uploads\/2023\/03\/Le-Progres-05032023--800x628.png 800w, https:\/\/grotte-de-trabuc.com\/wp-content\/uploads\/2023\/03\/Le-Progres-05032023--853x670.png 853w, https:\/\/grotte-de-trabuc.com\/wp-content\/uploads\/2023\/03\/Le-Progres-05032023--1024x804.png 1024w, https:\/\/grotte-de-trabuc.com\/wp-content\/uploads\/2023\/03\/Le-Progres-05032023-.png 1071w\" sizes=\"(max-width: 1071px) 100vw, 1071px\" \/><\/a><\/p>\n<span class=\"et_bloom_bottom_trigger\"><\/span>","protected":false},"featured_media":11241,"template":"","class_list":["post-11244","coupure_presse","type-coupure_presse","status-publish","has-post-thumbnail","hentry"],"acf":[],"_links":{"self":[{"href":"https:\/\/grotte-de-trabuc.com\/en\/wp-json\/wp\/v2\/coupure_presse\/11244","targetHints":{"allow":["GET"]}}],"collection":[{"href":"https:\/\/grotte-de-trabuc.com\/en\/wp-json\/wp\/v2\/coupure_presse"}],"about":[{"href":"https:\/\/grotte-de-trabuc.com\/en\/wp-json\/wp\/v2\/types\/coupure_presse"}],"wp:featuredmedia":[{"embeddable":true,"href":"https:\/\/grotte-de-trabuc.com\/en\/wp-json\/wp\/v2\/media\/11241"}],"wp:attachment":[{"href":"https:\/\/grotte-de-trabuc.com\/en\/wp-json\/wp\/v2\/media?parent=11244"}],"curies":[{"name":"wp","href":"https:\/\/api.w.org\/{rel}","templated":true}]}}