{"id":12004,"date":"2023-08-07T17:24:29","date_gmt":"2023-08-07T15:24:29","guid":{"rendered":"https:\/\/grotte-de-trabuc.com\/coupure_presse\/objectif-gard-2023-3\/"},"modified":"2023-08-07T17:24:29","modified_gmt":"2023-08-07T15:24:29","slug":"objectif-gard-2023-3","status":"publish","type":"coupure_presse","link":"https:\/\/grotte-de-trabuc.com\/en\/coupure_presse\/objectif-gard-2023-3\/","title":{"rendered":"Objectif Gard- 2023"},"content":{"rendered":"<h2 style=\"text-align: center;\"><strong>&#8220;\u00c0 la grotte de Trabuc, un cheminement de bougies jette une nouvelle lumi\u00e8re sur la cavit\u00e9 &#8220;<\/strong><\/h2>\n<p style=\"text-align: center;\">D\u00e9couvrez l&#8217;article sur l&#8217;\u00e9v\u00e8nement la Grotte s&#8217;enflamme de Fran\u00e7ois Desmeures paru sur le site www.objectifgard.com.<\/p>\n<p style=\"text-align: center;\"><a href=\"https:\/\/grotte-de-trabuc.com\/wp-content\/uploads\/2023\/05\/Objectif-Gard-07082023-A-la-grotte-de-Trabuc-le-cheminement-de-bougies-jette-une-nouvelle-lumiere-sur-la-cavite-.pdf\"><img decoding=\"async\" class=\"alignnone wp-image-11687 size-full\" src=\"https:\/\/grotte-de-trabuc.com\/wp-content\/uploads\/2023\/05\/Capture.jpg\" alt=\"\" width=\"1244\" height=\"845\" srcset=\"https:\/\/grotte-de-trabuc.com\/wp-content\/uploads\/2023\/05\/Capture-200x136.jpg 200w, https:\/\/grotte-de-trabuc.com\/wp-content\/uploads\/2023\/05\/Capture-300x204.jpg 300w, https:\/\/grotte-de-trabuc.com\/wp-content\/uploads\/2023\/05\/Capture-400x272.jpg 400w, https:\/\/grotte-de-trabuc.com\/wp-content\/uploads\/2023\/05\/Capture-600x408.jpg 600w, https:\/\/grotte-de-trabuc.com\/wp-content\/uploads\/2023\/05\/Capture-610x414.jpg 610w, https:\/\/grotte-de-trabuc.com\/wp-content\/uploads\/2023\/05\/Capture-768x522.jpg 768w, https:\/\/grotte-de-trabuc.com\/wp-content\/uploads\/2023\/05\/Capture-800x543.jpg 800w, https:\/\/grotte-de-trabuc.com\/wp-content\/uploads\/2023\/05\/Capture-858x583.jpg 858w, https:\/\/grotte-de-trabuc.com\/wp-content\/uploads\/2023\/05\/Capture-986x670.jpg 986w, https:\/\/grotte-de-trabuc.com\/wp-content\/uploads\/2023\/05\/Capture-1024x696.jpg 1024w, https:\/\/grotte-de-trabuc.com\/wp-content\/uploads\/2023\/05\/Capture-1200x815.jpg 1200w, https:\/\/grotte-de-trabuc.com\/wp-content\/uploads\/2023\/05\/Capture.jpg 1244w\" sizes=\"(max-width: 1244px) 100vw, 1244px\" \/><\/a><\/p>\n<span class=\"et_bloom_bottom_trigger\"><\/span>","protected":false},"featured_media":12012,"template":"","class_list":["post-12004","coupure_presse","type-coupure_presse","status-publish","has-post-thumbnail","hentry"],"acf":[],"_links":{"self":[{"href":"https:\/\/grotte-de-trabuc.com\/en\/wp-json\/wp\/v2\/coupure_presse\/12004","targetHints":{"allow":["GET"]}}],"collection":[{"href":"https:\/\/grotte-de-trabuc.com\/en\/wp-json\/wp\/v2\/coupure_presse"}],"about":[{"href":"https:\/\/grotte-de-trabuc.com\/en\/wp-json\/wp\/v2\/types\/coupure_presse"}],"wp:featuredmedia":[{"embeddable":true,"href":"https:\/\/grotte-de-trabuc.com\/en\/wp-json\/wp\/v2\/media\/12012"}],"wp:attachment":[{"href":"https:\/\/grotte-de-trabuc.com\/en\/wp-json\/wp\/v2\/media?parent=12004"}],"curies":[{"name":"wp","href":"https:\/\/api.w.org\/{rel}","templated":true}]}}