{"id":12604,"date":"2024-06-30T09:15:29","date_gmt":"2024-06-30T07:15:29","guid":{"rendered":"https:\/\/grotte-de-trabuc.com\/coupure_presse\/via-occitanie-2022-3\/"},"modified":"2024-07-04T18:35:45","modified_gmt":"2024-07-04T16:35:45","slug":"via-occitanie-2024","status":"publish","type":"coupure_presse","link":"https:\/\/grotte-de-trabuc.com\/en\/coupure_presse\/via-occitanie-2024\/","title":{"rendered":"Vi\u00e0 Occitanie &#8211; 2024"},"content":{"rendered":"<h2 style=\"text-align: center;\"><strong>&#8220;La grande dame de Trabuc f\u00eate les 50 ans&#8221;<\/strong><\/h2>\n<p style=\"text-align: center;\">D\u00e9couvrez un reportage diffus\u00e9 sur Vi\u00e0 Occitanie le 30 juin 2024 sur l&#8217;anniversaire des 50 ans d&#8217;ouverture au public touristique.<\/p>\n<div class=\"wp-playlist wp-video-playlist wp-playlist-light\">\n\t\t<video controls=\"controls\" preload=\"none\" width=\"1378\"\n\t\t height=\"781\"\t><\/video>\n\t<div class=\"wp-playlist-next\"><\/div>\n\t<div class=\"wp-playlist-prev\"><\/div>\n\t<noscript>\n\t<ol>\n\t\t<li><a data-rel=\"iLightbox[postimages]\" data-title=\"Via Occitanie 30062024 La grande dame de Trabuc f\u00eate les 50 ans\" data-caption=\"\" href='https:\/\/grotte-de-trabuc.com\/wp-content\/uploads\/2024\/07\/Via-Occitanie-30062024-La-grande-dame-de-Trabuc-fete-les-50-ans-.mp4'>Via Occitanie 30062024 La grande dame de Trabuc f\u00eate les 50 ans<\/a><\/li>\t<\/ol>\n\t<\/noscript>\n\t<script type=\"application\/json\" class=\"wp-playlist-script\">{\"type\":\"video\",\"tracklist\":true,\"tracknumbers\":true,\"images\":true,\"artists\":true,\"tracks\":[{\"src\":\"https:\/\/grotte-de-trabuc.com\/wp-content\/uploads\/2024\/07\/Via-Occitanie-30062024-La-grande-dame-de-Trabuc-fete-les-50-ans-.mp4\",\"type\":\"video\/mp4\",\"title\":\"Via Occitanie 30062024 La grande dame de Trabuc f\\u00eate les 50 ans\",\"caption\":\"\",\"description\":\"\",\"meta\":{\"length_formatted\":\"6:02\"},\"dimensions\":{\"original\":{\"width\":840,\"height\":476},\"resized\":{\"width\":1378,\"height\":781}},\"image\":{\"src\":\"https:\/\/grotte-de-trabuc.com\/wp-includes\/images\/media\/video.svg\",\"width\":48,\"height\":64},\"thumb\":{\"src\":\"https:\/\/grotte-de-trabuc.com\/wp-includes\/images\/media\/video.svg\",\"width\":48,\"height\":64}}]}<\/script>\n<\/div>\n\t\n<span class=\"et_bloom_bottom_trigger\"><\/span>","protected":false},"featured_media":10163,"template":"","class_list":["post-12604","coupure_presse","type-coupure_presse","status-publish","has-post-thumbnail","hentry"],"acf":[],"_links":{"self":[{"href":"https:\/\/grotte-de-trabuc.com\/en\/wp-json\/wp\/v2\/coupure_presse\/12604","targetHints":{"allow":["GET"]}}],"collection":[{"href":"https:\/\/grotte-de-trabuc.com\/en\/wp-json\/wp\/v2\/coupure_presse"}],"about":[{"href":"https:\/\/grotte-de-trabuc.com\/en\/wp-json\/wp\/v2\/types\/coupure_presse"}],"wp:featuredmedia":[{"embeddable":true,"href":"https:\/\/grotte-de-trabuc.com\/en\/wp-json\/wp\/v2\/media\/10163"}],"wp:attachment":[{"href":"https:\/\/grotte-de-trabuc.com\/en\/wp-json\/wp\/v2\/media?parent=12604"}],"curies":[{"name":"wp","href":"https:\/\/api.w.org\/{rel}","templated":true}]}}